{
    "id": 4963,
    "date": "2025-04-23T14:15:02",
    "date_gmt": "2025-04-23T14:15:02",
    "guid": {
        "rendered": ""
    },
    "modified": "2026-08-04T00:16:47",
    "modified_gmt": "2026-08-04T00:16:47",
    "slug": "donar-form",
    "status": "publish",
    "type": "give_forms",
    "link": "https:\/\/losaliados.org\/es_ec\/donations\/donar-form\/",
    "title": {
        "rendered": "Donaci\u00f3n Espa\u00f1ol"
    },
    "excerpt": {
        "rendered": "<p>Apoye a Aliados y a nuestra visi\u00f3n de transformar fundamentalmente los negocios en los Andes y la Amazon\u00eda.<\/p>\n<p>Gracias a ustedes, podemos continuar nuestro trabajo creando productos valiosos de plantas de la selva tropical para los consumidores de todo el mundo y medios de vida sostenibles para la gente de la Amazon\u00eda!<\/p>",
        "protected": false
    },
    "author": 0,
    "featured_media": 0,
    "template": "",
    "class_list": [
        "post-4963",
        "give_forms",
        "type-give_forms",
        "status-publish"
    ],
    "acf": [],
    "yoast_head": "<!-- This site is optimized with the Yoast SEO plugin v28.4 - https:\/\/yoast.com\/product\/yoast-seo-wordpress\/ -->\n<title>Donaci\u00f3n Espa\u00f1ol - Aliados<\/title>\n<meta name=\"robots\" content=\"index, follow, max-snippet:-1, max-image-preview:large, max-video-preview:-1\" \/>\n<link rel=\"canonical\" href=\"https:\/\/losaliados.org\/es_ec\/donations\/donar-form\/\" \/>\n<meta property=\"og:locale\" content=\"es_ES\" \/>\n<meta property=\"og:type\" content=\"article\" \/>\n<meta property=\"og:title\" content=\"Donaci\u00f3n Espa\u00f1ol - Aliados\" \/>\n<meta property=\"og:description\" content=\"Apoye a Aliados y a nuestra visi\u00f3n de transformar fundamentalmente los negocios en los Andes y la Amazon\u00eda. Gracias a ustedes, podemos continuar nuestro trabajo creando productos valiosos de plantas de la selva tropical para los consumidores de todo el mundo y medios de vida sostenibles para la gente de la Amazon\u00eda!\" \/>\n<meta property=\"og:url\" content=\"https:\/\/losaliados.org\/es_ec\/donations\/donar-form\/\" \/>\n<meta property=\"og:site_name\" content=\"Aliados\" \/>\n<meta property=\"article:publisher\" content=\"https:\/\/www.facebook.com\/fundacionaliados1\/\" \/>\n<meta property=\"article:modified_time\" content=\"2026-08-04T00:16:47+00:00\" \/>\n<meta name=\"twitter:card\" content=\"summary_large_image\" \/>\n<script type=\"application\/ld+json\" class=\"yoast-schema-graph\">{\"@context\":\"https:\\\/\\\/schema.org\",\"@graph\":[{\"@type\":\"WebPage\",\"@id\":\"https:\\\/\\\/losaliados.org\\\/donations\\\/donar-form\\\/\",\"url\":\"https:\\\/\\\/losaliados.org\\\/donations\\\/donar-form\\\/\",\"name\":\"Donaci\u00f3n Espa\u00f1ol - Aliados\",\"isPartOf\":{\"@id\":\"https:\\\/\\\/losaliados.org\\\/en\\\/#website\"},\"datePublished\":\"2025-04-23T14:15:02+00:00\",\"dateModified\":\"2026-08-04T00:16:47+00:00\",\"breadcrumb\":{\"@id\":\"https:\\\/\\\/losaliados.org\\\/donations\\\/donar-form\\\/#breadcrumb\"},\"inLanguage\":\"es\",\"potentialAction\":[{\"@type\":\"ReadAction\",\"target\":[\"https:\\\/\\\/losaliados.org\\\/donations\\\/donar-form\\\/\"]}]},{\"@type\":\"BreadcrumbList\",\"@id\":\"https:\\\/\\\/losaliados.org\\\/donations\\\/donar-form\\\/#breadcrumb\",\"itemListElement\":[{\"@type\":\"ListItem\",\"position\":1,\"name\":\"Portada\",\"item\":\"https:\\\/\\\/losaliados.org\\\/\"},{\"@type\":\"ListItem\",\"position\":2,\"name\":\"Formularios de donaci\u00f3n\",\"item\":\"https:\\\/\\\/losaliados.org\\\/donations\\\/\"},{\"@type\":\"ListItem\",\"position\":3,\"name\":\"Donaci\u00f3n Espa\u00f1ol\"}]},{\"@type\":\"WebSite\",\"@id\":\"https:\\\/\\\/losaliados.org\\\/en\\\/#website\",\"url\":\"https:\\\/\\\/losaliados.org\\\/en\\\/\",\"name\":\"Aliados\",\"description\":\"\",\"publisher\":{\"@id\":\"https:\\\/\\\/losaliados.org\\\/en\\\/#organization\"},\"potentialAction\":[{\"@type\":\"SearchAction\",\"target\":{\"@type\":\"EntryPoint\",\"urlTemplate\":\"https:\\\/\\\/losaliados.org\\\/en\\\/?s={search_term_string}\"},\"query-input\":{\"@type\":\"PropertyValueSpecification\",\"valueRequired\":true,\"valueName\":\"search_term_string\"}}],\"inLanguage\":\"es\"},{\"@type\":\"Organization\",\"@id\":\"https:\\\/\\\/losaliados.org\\\/en\\\/#organization\",\"name\":\"Aliados\",\"url\":\"https:\\\/\\\/losaliados.org\\\/en\\\/\",\"logo\":{\"@type\":\"ImageObject\",\"inLanguage\":\"es\",\"@id\":\"https:\\\/\\\/losaliados.org\\\/en\\\/#\\\/schema\\\/logo\\\/image\\\/\",\"url\":\"https:\\\/\\\/losaliados.org\\\/wp-content\\\/uploads\\\/2026\\\/08\\\/SVG-LOGO-A-COLOR-EN-POSITIVO.svg\",\"contentUrl\":\"https:\\\/\\\/losaliados.org\\\/wp-content\\\/uploads\\\/2026\\\/08\\\/SVG-LOGO-A-COLOR-EN-POSITIVO.svg\",\"width\":2219,\"height\":633,\"caption\":\"Aliados\"},\"image\":{\"@id\":\"https:\\\/\\\/losaliados.org\\\/en\\\/#\\\/schema\\\/logo\\\/image\\\/\"},\"sameAs\":[\"https:\\\/\\\/www.facebook.com\\\/fundacionaliados1\\\/\",\"http:\\\/\\\/instagram.com\\\/fundacionaliados1\",\"https:\\\/\\\/www.linkedin.com\\\/search\\\/results\\\/all\\\/?fetchDeterministicClustersOnly=true&heroEntityKey=urnlifsd_profileACoAABdD0LMBn_nyHWI3q-ehZEmui-wSzxFijfI&keywords=fundacinaliados&origin=RICH_QUERY_SUGGESTION&position=1&searchId=5f2fcd50-9351-46eb-ab32-141839fb6496&sid=gnH\"]}]}<\/script>\n<!-- \/ Yoast SEO plugin. -->",
    "yoast_head_json": {
        "title": "Donaci\u00f3n Espa\u00f1ol - Aliados",
        "robots": {
            "index": "index",
            "follow": "follow",
            "max-snippet": "max-snippet:-1",
            "max-image-preview": "max-image-preview:large",
            "max-video-preview": "max-video-preview:-1"
        },
        "canonical": "https:\/\/losaliados.org\/es_ec\/donations\/donar-form\/",
        "og_locale": "es_ES",
        "og_type": "article",
        "og_title": "Donaci\u00f3n Espa\u00f1ol - Aliados",
        "og_description": "Apoye a Aliados y a nuestra visi\u00f3n de transformar fundamentalmente los negocios en los Andes y la Amazon\u00eda. Gracias a ustedes, podemos continuar nuestro trabajo creando productos valiosos de plantas de la selva tropical para los consumidores de todo el mundo y medios de vida sostenibles para la gente de la Amazon\u00eda!",
        "og_url": "https:\/\/losaliados.org\/es_ec\/donations\/donar-form\/",
        "og_site_name": "Aliados",
        "article_publisher": "https:\/\/www.facebook.com\/fundacionaliados1\/",
        "article_modified_time": "2026-08-04T00:16:47+00:00",
        "twitter_card": "summary_large_image",
        "schema": {
            "@context": "https:\/\/schema.org",
            "@graph": [
                {
                    "@type": "WebPage",
                    "@id": "https:\/\/losaliados.org\/donations\/donar-form\/",
                    "url": "https:\/\/losaliados.org\/donations\/donar-form\/",
                    "name": "Donaci\u00f3n Espa\u00f1ol - Aliados",
                    "isPartOf": {
                        "@id": "https:\/\/losaliados.org\/en\/#website"
                    },
                    "datePublished": "2025-04-23T14:15:02+00:00",
                    "dateModified": "2026-08-04T00:16:47+00:00",
                    "breadcrumb": {
                        "@id": "https:\/\/losaliados.org\/donations\/donar-form\/#breadcrumb"
                    },
                    "inLanguage": "es",
                    "potentialAction": [
                        {
                            "@type": "ReadAction",
                            "target": [
                                "https:\/\/losaliados.org\/donations\/donar-form\/"
                            ]
                        }
                    ]
                },
                {
                    "@type": "BreadcrumbList",
                    "@id": "https:\/\/losaliados.org\/donations\/donar-form\/#breadcrumb",
                    "itemListElement": [
                        {
                            "@type": "ListItem",
                            "position": 1,
                            "name": "Portada",
                            "item": "https:\/\/losaliados.org\/"
                        },
                        {
                            "@type": "ListItem",
                            "position": 2,
                            "name": "Formularios de donaci\u00f3n",
                            "item": "https:\/\/losaliados.org\/donations\/"
                        },
                        {
                            "@type": "ListItem",
                            "position": 3,
                            "name": "Donaci\u00f3n Espa\u00f1ol"
                        }
                    ]
                },
                {
                    "@type": "WebSite",
                    "@id": "https:\/\/losaliados.org\/en\/#website",
                    "url": "https:\/\/losaliados.org\/en\/",
                    "name": "Aliados",
                    "description": "",
                    "publisher": {
                        "@id": "https:\/\/losaliados.org\/en\/#organization"
                    },
                    "potentialAction": [
                        {
                            "@type": "SearchAction",
                            "target": {
                                "@type": "EntryPoint",
                                "urlTemplate": "https:\/\/losaliados.org\/en\/?s={search_term_string}"
                            },
                            "query-input": {
                                "@type": "PropertyValueSpecification",
                                "valueRequired": true,
                                "valueName": "search_term_string"
                            }
                        }
                    ],
                    "inLanguage": "es"
                },
                {
                    "@type": "Organization",
                    "@id": "https:\/\/losaliados.org\/en\/#organization",
                    "name": "Aliados",
                    "url": "https:\/\/losaliados.org\/en\/",
                    "logo": {
                        "@type": "ImageObject",
                        "inLanguage": "es",
                        "@id": "https:\/\/losaliados.org\/en\/#\/schema\/logo\/image\/",
                        "url": "https:\/\/losaliados.org\/wp-content\/uploads\/2026\/08\/SVG-LOGO-A-COLOR-EN-POSITIVO.svg",
                        "contentUrl": "https:\/\/losaliados.org\/wp-content\/uploads\/2026\/08\/SVG-LOGO-A-COLOR-EN-POSITIVO.svg",
                        "width": 2219,
                        "height": 633,
                        "caption": "Aliados"
                    },
                    "image": {
                        "@id": "https:\/\/losaliados.org\/en\/#\/schema\/logo\/image\/"
                    },
                    "sameAs": [
                        "https:\/\/www.facebook.com\/fundacionaliados1\/",
                        "http:\/\/instagram.com\/fundacionaliados1",
                        "https:\/\/www.linkedin.com\/search\/results\/all\/?fetchDeterministicClustersOnly=true&heroEntityKey=urnlifsd_profileACoAABdD0LMBn_nyHWI3q-ehZEmui-wSzxFijfI&keywords=fundacinaliados&origin=RICH_QUERY_SUGGESTION&position=1&searchId=5f2fcd50-9351-46eb-ab32-141839fb6496&sid=gnH"
                    ]
                }
            ]
        }
    },
    "_links": {
        "self": [
            {
                "href": "https:\/\/losaliados.org\/es_ec\/wp-json\/wp\/v2\/give_forms\/4963",
                "targetHints": {
                    "allow": [
                        "GET"
                    ]
                }
            }
        ],
        "collection": [
            {
                "href": "https:\/\/losaliados.org\/es_ec\/wp-json\/wp\/v2\/give_forms"
            }
        ],
        "about": [
            {
                "href": "https:\/\/losaliados.org\/es_ec\/wp-json\/wp\/v2\/types\/give_forms"
            }
        ],
        "version-history": [
            {
                "count": 0,
                "href": "https:\/\/losaliados.org\/es_ec\/wp-json\/wp\/v2\/give_forms\/4963\/revisions"
            }
        ],
        "wp:attachment": [
            {
                "href": "https:\/\/losaliados.org\/es_ec\/wp-json\/wp\/v2\/media?parent=4963"
            }
        ],
        "curies": [
            {
                "name": "wp",
                "href": "https:\/\/api.w.org\/{rel}",
                "templated": true
            }
        ]
    }
}